{"id":288,"date":"2017-06-02T12:06:55","date_gmt":"2017-06-02T10:06:55","guid":{"rendered":"http:\/\/paysagiste-rennes.bzh\/?p=288"},"modified":"2017-09-09T20:58:51","modified_gmt":"2017-09-09T18:58:51","slug":"realisation-dune-petit-jardin-pres-de-rennes","status":"publish","type":"post","link":"https:\/\/paysagiste-rennes.bzh\/?p=288","title":{"rendered":"R\u00e9alisation d&rsquo;un petit jardin pr\u00e8s de Rennes"},"content":{"rendered":"<p style=\"text-align: justify;\">Un nouveau chantier du c\u00f4t\u00e9 de Rennes<!--more--><\/p>\n<p style=\"text-align: justify;\">Ici on part sur de nouvelles id\u00e9es, sur de nouvelles probl\u00e9matiques. On se trouve en pr\u00e9sence d&rsquo;un petit jardin en pied d&rsquo;un immeuble d&rsquo;habitation. La probl\u00e9matique majeure est la faible pr\u00e9sence de lumi\u00e8re une grande partie de l&rsquo;ann\u00e9e. Le jardin profite en moyenne de 2 h de soleil par jour ce qui est tr\u00e8s peu. De plus l&rsquo;id\u00e9e est de fermer un peu l&rsquo;ensemble pour pouvoir \u00eatre tranquille dans ce jardin qui est situ\u00e9 sur le bord de l&rsquo;acc\u00e8s aux diff\u00e9rents immeubles.<\/p>\n<p style=\"text-align: justify;\">Sur les photos ci-dessous d&rsquo;avant projet, seule la partie b\u00e2ch\u00e9e est concern\u00e9e par le projet. La terrasse actuellement en palette fera l&rsquo;objet d&rsquo;un am\u00e9nagement ult\u00e9rieur.<\/p>\n<p><img loading=\"lazy\" decoding=\"async\" class=\"alignnone size-medium wp-image-291\" src=\"http:\/\/paysagiste-rennes.bzh\/wp-content\/uploads\/2017\/06\/20170327_183209-300x225.jpg\" alt=\"\" width=\"300\" height=\"225\" srcset=\"https:\/\/paysagiste-rennes.bzh\/wp-content\/uploads\/2017\/06\/20170327_183209-300x225.jpg 300w, https:\/\/paysagiste-rennes.bzh\/wp-content\/uploads\/2017\/06\/20170327_183209-768x576.jpg 768w, https:\/\/paysagiste-rennes.bzh\/wp-content\/uploads\/2017\/06\/20170327_183209-1024x768.jpg 1024w\" sizes=\"auto, (max-width: 300px) 100vw, 300px\" \/> <img loading=\"lazy\" decoding=\"async\" class=\"size-medium wp-image-292 alignright\" src=\"http:\/\/paysagiste-rennes.bzh\/wp-content\/uploads\/2017\/06\/20170327_183226-300x225.jpg\" alt=\"\" width=\"300\" height=\"225\" srcset=\"https:\/\/paysagiste-rennes.bzh\/wp-content\/uploads\/2017\/06\/20170327_183226-300x225.jpg 300w, https:\/\/paysagiste-rennes.bzh\/wp-content\/uploads\/2017\/06\/20170327_183226-768x576.jpg 768w, https:\/\/paysagiste-rennes.bzh\/wp-content\/uploads\/2017\/06\/20170327_183226-1024x768.jpg 1024w\" sizes=\"auto, (max-width: 300px) 100vw, 300px\" \/><\/p>\n<p style=\"text-align: justify;\">L&rsquo;id\u00e9e premi\u00e8re \u00e9tait de mettre une petite pelouse accompagn\u00e9e de quelques plantes sur le c\u00f4t\u00e9. Le jardin du voisin est ainsi con\u00e7u mais il est un petit peu mieux expos\u00e9. De plus la m\u00e9t\u00e9o, tr\u00e8s s\u00e8che de ce d\u00e9but de saison risquait de mettre \u00e0 mal une pelouse qui serait en difficult\u00e9 sur du long terme. A terme, les bambous d\u00e9j\u00e0 pr\u00e9sent auraient encore plus accentu\u00e9 le manque de lumi\u00e8re, l&rsquo;id\u00e9e est donc mise de c\u00f4t\u00e9.<\/p>\n<p style=\"text-align: justify;\">On va donc conserver l&rsquo;id\u00e9e de mettre des petits massifs sur les bords mais de faire une petite cour gravillonn\u00e9e au centre. La b\u00e2che d\u00e9j\u00e0 en place permettra de limiter le d\u00e9veloppement des mauvaises herbes sous les gravillons. Elle sera par contre retir\u00e9e sur les bords pour permettre l&rsquo;implantation de plantes ult\u00e9rieurement.<\/p>\n<p style=\"text-align: justify;\">Enfin, quelques grimpantes habilleront le mur pr\u00e8s du portillon pour faire une continuit\u00e9 dans le rideau visuel que constituera les bambous.<\/p>\n<p style=\"text-align: justify;\">Voici quelques photos de fin de chantier.<\/p>\n<p><img loading=\"lazy\" decoding=\"async\" class=\"alignnone size-medium wp-image-295\" src=\"http:\/\/paysagiste-rennes.bzh\/wp-content\/uploads\/2017\/06\/20170530_170036-300x225.jpg\" alt=\"\" width=\"300\" height=\"225\" srcset=\"https:\/\/paysagiste-rennes.bzh\/wp-content\/uploads\/2017\/06\/20170530_170036-300x225.jpg 300w, https:\/\/paysagiste-rennes.bzh\/wp-content\/uploads\/2017\/06\/20170530_170036-768x576.jpg 768w, https:\/\/paysagiste-rennes.bzh\/wp-content\/uploads\/2017\/06\/20170530_170036-1024x768.jpg 1024w\" sizes=\"auto, (max-width: 300px) 100vw, 300px\" \/> <img loading=\"lazy\" decoding=\"async\" class=\"size-medium wp-image-294 alignright\" src=\"http:\/\/paysagiste-rennes.bzh\/wp-content\/uploads\/2017\/06\/20170530_170028-300x225.jpg\" alt=\"\" width=\"300\" height=\"225\" srcset=\"https:\/\/paysagiste-rennes.bzh\/wp-content\/uploads\/2017\/06\/20170530_170028-300x225.jpg 300w, https:\/\/paysagiste-rennes.bzh\/wp-content\/uploads\/2017\/06\/20170530_170028-768x576.jpg 768w, https:\/\/paysagiste-rennes.bzh\/wp-content\/uploads\/2017\/06\/20170530_170028-1024x768.jpg 1024w\" sizes=\"auto, (max-width: 300px) 100vw, 300px\" \/><\/p>\n<p style=\"text-align: justify;\">Quelques \u00e9l\u00e9ments avaient \u00e9t\u00e9 modifi\u00e9s avant mon passage. Ainsi 2 palettes ont fait leur apparition pour marquer l&rsquo;entr\u00e9e entre le portillon et la porte fen\u00eatre. Des poteaux de schistes sont aussi arriv\u00e9s et on donc int\u00e9gr\u00e9 le projet pour lui donner plus de relief.<\/p>\n<p style=\"text-align: justify;\">En terme de travaux, la m\u00eame bordure noir que pour mon projet pr\u00e9c\u00e9dent a \u00e9t\u00e9 install\u00e9e. Elle s\u2019int\u00e8gre mieux du fait de l&rsquo;horizontalit\u00e9 de ce jardin. Contre le mur, du terreau a \u00e9t\u00e9 ajout\u00e9 pour accueillir plus tard de nouvelles plantes. Les \u00e9l\u00e9ments principaux sont laiss\u00e9s en pots permettant une modularit\u00e9 de l&rsquo;espace en fonction des besoins. Du paillage a \u00e9t\u00e9 ajout\u00e9 sur l&rsquo;ensemble des emplacements de massifs pour limiter toujours le d\u00e9veloppement d&rsquo;adventices.<\/p>\n<p style=\"text-align: justify;\">Deux grimpantes, un jasmin et une cl\u00e9matite, prennent la place sur le muret du fond avec un support leur permettant de grimper \u00e0 loisir. Leur floraison est cons\u00e9cutive, d&rsquo;avril \u00e0 mai pour la cl\u00e9matite, de juin \u00e0 septembre pour le jasmin, tout deux de couleur blanche.<\/p>\n<p style=\"text-align: justify;\">Enfin une bonne \u00e9paisseur de gravillons est venu compl\u00e9ter l&rsquo;ensemble pour remplir l&rsquo;espace jusqu&rsquo;\u00e0 hauteur des poteaux de schistes.<\/p>\n<p style=\"text-align: justify;\">Voil\u00e0, vous avez aussi envie de faire \u00e9voluer votre jardin, n&rsquo;h\u00e9sitez pas \u00e0 nous contacter via notre formulaire de contact ou \u00e0 nous appeler.<\/p>\n","protected":false},"excerpt":{"rendered":"<p>Un nouveau chantier du c\u00f4t\u00e9 de Rennes<\/p>\n","protected":false},"author":1,"featured_media":294,"comment_status":"closed","ping_status":"open","sticky":false,"template":"","format":"standard","meta":{"jetpack_post_was_ever_published":false,"_jetpack_newsletter_access":"","_jetpack_dont_email_post_to_subs":false,"_jetpack_newsletter_tier_id":0,"_jetpack_memberships_contains_paywalled_content":false,"_jetpack_memberships_contains_paid_content":false,"footnotes":"","jetpack_publicize_message":"","jetpack_publicize_feature_enabled":true,"jetpack_social_post_already_shared":true,"jetpack_social_options":{"image_generator_settings":{"template":"highway","default_image_id":0,"font":"","enabled":false},"version":2}},"categories":[6],"tags":[123,124,135,13,31,66,14,136,125,16,15,17,18,19,137,20,126,21,22,23,127,128,93,38,24,25,138,26,27,139,28],"class_list":["post-288","post","type-post","status-publish","format-standard","has-post-thumbnail","hentry","category-realisation","tag-amenagement","tag-amo","tag-bassins","tag-bretagne","tag-bureau-detude","tag-bureau-detudes","tag-conception","tag-espaces-verts-prives","tag-gestion","tag-gestion-differenciee","tag-gestion-ecologique","tag-ille-et-vilaine","tag-jardin","tag-jardin-ecologique","tag-jardins-prives","tag-morbihan","tag-pace","tag-paysage","tag-paysagisme","tag-paysagiste","tag-pgd","tag-pgds","tag-phyto-epuration","tag-potager","tag-realisation","tag-rennes","tag-spirale","tag-st-malo","tag-vannes","tag-verger","tag-zero-phyto"],"jetpack_publicize_connections":[],"jetpack_featured_media_url":"https:\/\/paysagiste-rennes.bzh\/wp-content\/uploads\/2017\/06\/20170530_170028.jpg","jetpack_sharing_enabled":true,"jetpack_shortlink":"https:\/\/wp.me\/p8w2gV-4E","_links":{"self":[{"href":"https:\/\/paysagiste-rennes.bzh\/index.php?rest_route=\/wp\/v2\/posts\/288","targetHints":{"allow":["GET"]}}],"collection":[{"href":"https:\/\/paysagiste-rennes.bzh\/index.php?rest_route=\/wp\/v2\/posts"}],"about":[{"href":"https:\/\/paysagiste-rennes.bzh\/index.php?rest_route=\/wp\/v2\/types\/post"}],"author":[{"embeddable":true,"href":"https:\/\/paysagiste-rennes.bzh\/index.php?rest_route=\/wp\/v2\/users\/1"}],"replies":[{"embeddable":true,"href":"https:\/\/paysagiste-rennes.bzh\/index.php?rest_route=%2Fwp%2Fv2%2Fcomments&post=288"}],"version-history":[{"count":6,"href":"https:\/\/paysagiste-rennes.bzh\/index.php?rest_route=\/wp\/v2\/posts\/288\/revisions"}],"predecessor-version":[{"id":359,"href":"https:\/\/paysagiste-rennes.bzh\/index.php?rest_route=\/wp\/v2\/posts\/288\/revisions\/359"}],"wp:featuredmedia":[{"embeddable":true,"href":"https:\/\/paysagiste-rennes.bzh\/index.php?rest_route=\/wp\/v2\/media\/294"}],"wp:attachment":[{"href":"https:\/\/paysagiste-rennes.bzh\/index.php?rest_route=%2Fwp%2Fv2%2Fmedia&parent=288"}],"wp:term":[{"taxonomy":"category","embeddable":true,"href":"https:\/\/paysagiste-rennes.bzh\/index.php?rest_route=%2Fwp%2Fv2%2Fcategories&post=288"},{"taxonomy":"post_tag","embeddable":true,"href":"https:\/\/paysagiste-rennes.bzh\/index.php?rest_route=%2Fwp%2Fv2%2Ftags&post=288"}],"curies":[{"name":"wp","href":"https:\/\/api.w.org\/{rel}","templated":true}]}}