{"id":122,"date":"2017-03-18T11:14:25","date_gmt":"2017-03-18T10:14:25","guid":{"rendered":"http:\/\/paysagiste-rennes.bzh\/?p=122"},"modified":"2017-03-18T11:14:25","modified_gmt":"2017-03-18T10:14:25","slug":"amo-gestion-differenciee-des-espaces-verts","status":"publish","type":"post","link":"https:\/\/paysagiste-rennes.bzh\/?p=122","title":{"rendered":"AMO: Gestion diff\u00e9renci\u00e9e des espaces verts"},"content":{"rendered":"<p style=\"text-align: justify;\">Nous pouvons \u00e9galement vous accompagner dans la mise en place de la gestion diff\u00e9renci\u00e9e de vos espaces verts ainsi que dans le cadre de la politique dite de \u00ab\u00a0Z\u00e9ro-phyto\u00a0\u00bb.<\/p>\n<h4 style=\"text-align: justify;\">Une m\u00e9thode, une d\u00e9marche, un outil.<\/h4>\n<p style=\"text-align: justify;\">La gestion diff\u00e9renci\u00e9e est un outil permettant de ne plus consid\u00e9rer l\u2019espace communal comme un tout, mais au contraire comme un ensemble d\u2019espaces individuels, ayant chacun leurs fr\u00e9quentations, leur buts visuels, leurs usages et donc les moyens humains et techniques qui leur sont affect\u00e9s. Cette gestion est une fa\u00e7on de conduire les espaces verts, en milieu urbain, consistant \u00e0 ne pas appliquer \u00e0 tous les espaces verts la m\u00eame intensit\u00e9 ni la m\u00eame nature d&rsquo;entretien.<\/p>\n<p style=\"text-align: justify;\">La gestion diff\u00e9renci\u00e9e proposera que certains espaces moins fr\u00e9quent\u00e9s, aux sols plus fragiles, ou \u00e9cologiquement pr\u00e9cieux soient laiss\u00e9s \u00e0 eux-m\u00eames, fauch\u00e9s ou extensivement p\u00e2tur\u00e9s. Ces pr\u00e9conisations sont faites afin d\u2019y conserver des habitats pour la faune et pr\u00e9servant ainsi la biodiversit\u00e9 et une plus grande diversit\u00e9 de paysages. Cette forme de gestion a pour but de conserver l\u2019int\u00e9r\u00eat \u00e9cologique d\u2019un espace vert, tout en permettant un d\u00e9veloppement en ad\u00e9quation avec l\u2019utilisation du site.<\/p>\n<p style=\"text-align: justify;\">Ce n\u2019est donc pas une m\u00e9thode d\u2019entretien par d\u00e9faut, mais la mise en place dans un service d\u2019un programme commun. Cette m\u00e9thode permet \u00e0 chaque agent de savoir comment entretenir un espace en prenant connaissance de l&rsquo;utilisation de l&rsquo;espace vert et du cahier des charges aff\u00e9rent.<\/p>\n<p style=\"text-align: justify;\">La gestion diff\u00e9renci\u00e9e des espaces urbains et naturels s\u2019inscrit dans les principes du d\u00e9veloppement durable. Cette gestion d\u00e9coulant d\u2019une politique communale globale, elle permet de r\u00e9pondre \u00e0 des enjeux de natures diff\u00e9rentes.<\/p>\n<h4>Les enjeux de la gestion diff\u00e9renci\u00e9e<\/h4>\n<table width=\"657\">\n<tbody>\n<tr>\n<td width=\"157\"><strong><u>Enjeux sociaux<\/u><\/strong><\/td>\n<td width=\"178\"><strong><u>Enjeux environnementaux<\/u><\/strong><\/td>\n<td width=\"159\"><strong><u>Enjeux \u00e9conomiques<\/u><\/strong><\/td>\n<td width=\"156\"><strong><u>Enjeux culturels<\/u><\/strong><\/td>\n<\/tr>\n<tr>\n<td width=\"157\">\n<ul>\n<li>Am\u00e9liorer le cadre de vie des habitants en mettant \u00e0 leur disposition une diversit\u00e9 d\u2019espaces.<\/li>\n<li>\u00c9duquer le grand public \u00e0 l\u2019environnement.<\/li>\n<li>Favoriser l\u2019autonomie des agents.<\/li>\n<\/ul>\n<\/td>\n<td width=\"178\">\n<ul>\n<li>Pr\u00e9server et enrichir la biodiversit\u00e9 des espaces naturels.<\/li>\n<li>Limiter les pollutions : r\u00e9duction des produits phytosanitaires.<\/li>\n<li>G\u00e9rer les ressources naturelles: valorisation des d\u00e9chets verts, \u00e9conomie de la ressource en eau.<\/li>\n<li>Il est important de favoriser le retour du patrimoine paysager pour favoriser les \u00e9cosyst\u00e8mes existants et la biodiversit\u00e9.<\/li>\n<\/ul>\n<\/td>\n<td width=\"159\">\n<ul>\n<li>Faire face \u00e0 des charges de fonctionnement de plus en plus lourdes dues \u00e0 l\u2019augmentation des surfaces.<\/li>\n<li>Optimiser les moyens humains, mat\u00e9riels et financiers.<\/li>\n<li>Ma\u00eetriser les temps de travaux.<\/li>\n<li>Adapter le mat\u00e9riel (faucheuse, broyeur\u2026).<\/li>\n<\/ul>\n<\/td>\n<td width=\"156\">\n<ul>\n<li>Valoriser l\u2019identit\u00e9 des paysages communaux.<\/li>\n<li>Mettre en valeur les sites de prestiges et patrimoniaux.<\/li>\n<li>Diversifier et transmettre le savoir-faire et l\u2019art du jardinier.<\/li>\n<\/ul>\n<\/td>\n<\/tr>\n<\/tbody>\n<\/table>\n<p>L&rsquo;id\u00e9e est donc de travailler v\u00e9ritablement en lien avec les gestionnaires des espaces avec ceux qui les entretiennent pour une am\u00e9lioration tant de la gestion que des conditions de travail des agents, et des conditions de vie des riverains.<\/p>\n<p>Voici un exemple de fiche actions pouvant \u00eatre mises en place. Cet exemple est pris dans la commune de Pac\u00e9 \u00e0 l&rsquo;ouest de Rennes.<\/p>\n<p class=\"jetpack-slideshow-noscript robots-nocontent\">Ce diaporama n\u00e9cessite JavaScript.<\/p><div id=\"gallery-122-1-slideshow\" class=\"jetpack-slideshow-window jetpack-slideshow jetpack-slideshow-black\" data-trans=\"fade\" data-autostart=\"1\" data-gallery=\"[{&quot;src&quot;:&quot;https:\\\/\\\/paysagiste-rennes.bzh\\\/wp-content\\\/uploads\\\/2017\\\/03\\\/Zone-4.jpg&quot;,&quot;id&quot;:&quot;131&quot;,&quot;title&quot;:&quot;Zone 4&quot;,&quot;alt&quot;:&quot;&quot;,&quot;caption&quot;:&quot;&quot;,&quot;itemprop&quot;:&quot;image&quot;},{&quot;src&quot;:&quot;https:\\\/\\\/paysagiste-rennes.bzh\\\/wp-content\\\/uploads\\\/2017\\\/03\\\/Zone-3.jpg&quot;,&quot;id&quot;:&quot;130&quot;,&quot;title&quot;:&quot;Zone 3&quot;,&quot;alt&quot;:&quot;&quot;,&quot;caption&quot;:&quot;&quot;,&quot;itemprop&quot;:&quot;image&quot;},{&quot;src&quot;:&quot;https:\\\/\\\/paysagiste-rennes.bzh\\\/wp-content\\\/uploads\\\/2017\\\/03\\\/Zone-2.jpg&quot;,&quot;id&quot;:&quot;129&quot;,&quot;title&quot;:&quot;Zone 2&quot;,&quot;alt&quot;:&quot;&quot;,&quot;caption&quot;:&quot;&quot;,&quot;itemprop&quot;:&quot;image&quot;},{&quot;src&quot;:&quot;https:\\\/\\\/paysagiste-rennes.bzh\\\/wp-content\\\/uploads\\\/2017\\\/03\\\/Zone-1.jpg&quot;,&quot;id&quot;:&quot;128&quot;,&quot;title&quot;:&quot;Zone 1&quot;,&quot;alt&quot;:&quot;&quot;,&quot;caption&quot;:&quot;&quot;,&quot;itemprop&quot;:&quot;image&quot;},{&quot;src&quot;:&quot;https:\\\/\\\/paysagiste-rennes.bzh\\\/wp-content\\\/uploads\\\/2017\\\/03\\\/carte-zones-code.jpg&quot;,&quot;id&quot;:&quot;127&quot;,&quot;title&quot;:&quot;Impression&quot;,&quot;alt&quot;:&quot;&quot;,&quot;caption&quot;:&quot;&quot;,&quot;itemprop&quot;:&quot;image&quot;},{&quot;src&quot;:&quot;https:\\\/\\\/paysagiste-rennes.bzh\\\/wp-content\\\/uploads\\\/2017\\\/03\\\/annexe-1.jpg&quot;,&quot;id&quot;:&quot;126&quot;,&quot;title&quot;:&quot;Impression&quot;,&quot;alt&quot;:&quot;&quot;,&quot;caption&quot;:&quot;&quot;,&quot;itemprop&quot;:&quot;image&quot;},{&quot;src&quot;:&quot;https:\\\/\\\/paysagiste-rennes.bzh\\\/wp-content\\\/uploads\\\/2017\\\/03\\\/Zone-9-10.jpg&quot;,&quot;id&quot;:&quot;125&quot;,&quot;title&quot;:&quot;Zone 9-10&quot;,&quot;alt&quot;:&quot;&quot;,&quot;caption&quot;:&quot;&quot;,&quot;itemprop&quot;:&quot;image&quot;},{&quot;src&quot;:&quot;https:\\\/\\\/paysagiste-rennes.bzh\\\/wp-content\\\/uploads\\\/2017\\\/03\\\/Zone-7.jpg&quot;,&quot;id&quot;:&quot;124&quot;,&quot;title&quot;:&quot;Zone 7&quot;,&quot;alt&quot;:&quot;&quot;,&quot;caption&quot;:&quot;&quot;,&quot;itemprop&quot;:&quot;image&quot;},{&quot;src&quot;:&quot;https:\\\/\\\/paysagiste-rennes.bzh\\\/wp-content\\\/uploads\\\/2017\\\/03\\\/Zone-5.jpg&quot;,&quot;id&quot;:&quot;123&quot;,&quot;title&quot;:&quot;Zone 5&quot;,&quot;alt&quot;:&quot;&quot;,&quot;caption&quot;:&quot;&quot;,&quot;itemprop&quot;:&quot;image&quot;}]\" itemscope itemtype=\"https:\/\/schema.org\/ImageGallery\"><\/div>\n","protected":false},"excerpt":{"rendered":"<p>Nous pouvons \u00e9galement vous accompagner dans la mise en place de la gestion diff\u00e9renci\u00e9e de vos espaces verts ainsi que dans le cadre de la politique dite de \u00ab\u00a0Z\u00e9ro-phyto\u00a0\u00bb. Une m\u00e9thode, une d\u00e9marche, un outil. La gestion diff\u00e9renci\u00e9e est un outil permettant de ne plus consid\u00e9rer l\u2019espace communal comme un tout, mais au contraire comme [&hellip;]<\/p>\n","protected":false},"author":1,"featured_media":0,"comment_status":"closed","ping_status":"open","sticky":false,"template":"","format":"standard","meta":{"jetpack_post_was_ever_published":false,"_jetpack_newsletter_access":"","_jetpack_dont_email_post_to_subs":false,"_jetpack_newsletter_tier_id":0,"_jetpack_memberships_contains_paywalled_content":false,"_jetpack_memberships_contains_paid_content":false,"footnotes":"","jetpack_publicize_message":"","jetpack_publicize_feature_enabled":true,"jetpack_social_post_already_shared":true,"jetpack_social_options":{"image_generator_settings":{"template":"highway","default_image_id":0,"font":"","enabled":false},"version":2}},"categories":[3],"tags":[123,124,13,14,125,16,15,17,18,19,20,126,21,22,23,127,128,24,25,26,27,28],"class_list":["post-122","post","type-post","status-publish","format-standard","hentry","category-amo","tag-amenagement","tag-amo","tag-bretagne","tag-conception","tag-gestion","tag-gestion-differenciee","tag-gestion-ecologique","tag-ille-et-vilaine","tag-jardin","tag-jardin-ecologique","tag-morbihan","tag-pace","tag-paysage","tag-paysagisme","tag-paysagiste","tag-pgd","tag-pgds","tag-realisation","tag-rennes","tag-st-malo","tag-vannes","tag-zero-phyto"],"jetpack_publicize_connections":[],"jetpack_featured_media_url":"","jetpack_sharing_enabled":true,"jetpack_shortlink":"https:\/\/wp.me\/p8w2gV-1Y","_links":{"self":[{"href":"https:\/\/paysagiste-rennes.bzh\/index.php?rest_route=\/wp\/v2\/posts\/122","targetHints":{"allow":["GET"]}}],"collection":[{"href":"https:\/\/paysagiste-rennes.bzh\/index.php?rest_route=\/wp\/v2\/posts"}],"about":[{"href":"https:\/\/paysagiste-rennes.bzh\/index.php?rest_route=\/wp\/v2\/types\/post"}],"author":[{"embeddable":true,"href":"https:\/\/paysagiste-rennes.bzh\/index.php?rest_route=\/wp\/v2\/users\/1"}],"replies":[{"embeddable":true,"href":"https:\/\/paysagiste-rennes.bzh\/index.php?rest_route=%2Fwp%2Fv2%2Fcomments&post=122"}],"version-history":[{"count":1,"href":"https:\/\/paysagiste-rennes.bzh\/index.php?rest_route=\/wp\/v2\/posts\/122\/revisions"}],"predecessor-version":[{"id":132,"href":"https:\/\/paysagiste-rennes.bzh\/index.php?rest_route=\/wp\/v2\/posts\/122\/revisions\/132"}],"wp:attachment":[{"href":"https:\/\/paysagiste-rennes.bzh\/index.php?rest_route=%2Fwp%2Fv2%2Fmedia&parent=122"}],"wp:term":[{"taxonomy":"category","embeddable":true,"href":"https:\/\/paysagiste-rennes.bzh\/index.php?rest_route=%2Fwp%2Fv2%2Fcategories&post=122"},{"taxonomy":"post_tag","embeddable":true,"href":"https:\/\/paysagiste-rennes.bzh\/index.php?rest_route=%2Fwp%2Fv2%2Ftags&post=122"}],"curies":[{"name":"wp","href":"https:\/\/api.w.org\/{rel}","templated":true}]}}